{"id":551,"date":"2026-06-12T22:52:45","date_gmt":"2026-06-12T20:52:45","guid":{"rendered":"https:\/\/dim.uek.krakow.pl\/hub3\/?p=551"},"modified":"2026-07-10T10:02:48","modified_gmt":"2026-07-10T08:02:48","slug":"dobre-praktyki-w-pracy-z-grupami-wielokulturowymi-przewodnik-dydaktyczny-dlaprowadzacych-zajecia-na-uek","status":"publish","type":"post","link":"https:\/\/dim.uek.krakow.pl\/hub3\/2026\/06\/12\/dobre-praktyki-w-pracy-z-grupami-wielokulturowymi-przewodnik-dydaktyczny-dlaprowadzacych-zajecia-na-uek\/","title":{"rendered":"Dobre praktyki w pracy z grupami wielokulturowymi. Przewodnik dydaktyczny dlaprowadz\u0105cych zaj\u0119cia na UEK"},"content":{"rendered":"\n<p class=\"wp-block-paragraph\">W dobie globalizacji i internacjonalizacji szkolnictwa wy\u017cszego, sale wyk\u0142adowe Uniwersytetu Ekonomicznego w Krakowie staj\u0105 si\u0119 przestrzeni\u0105 spotkanie wielu kultur. W ramach kierunk\u00f3w studi\u00f3w oraz pojedynczych przedmiot\u00f3w prowadzonych w j\u0119zyku angielskim kszta\u0142c\u0105 si\u0119 osoby o zr\u00f3\u017cnicowanym pochodzeniu geograficznym, etnicznym i spo\u0142ecznym. Obok student\u00f3w realizuj\u0105cych na UEK pe\u0142ny cykl kszta\u0142cenia, w zaj\u0119ciach bior\u0105 udzia\u0142 uczestnicy mi\u0119dzynarodowych program\u00f3w wymiany akademickiej, takich jak Erasmus+. Taka struktura grup niesie ze sob\u0105 ogromny potencja\u0142, ale stawia te\u017c przed kadr\u0105 dydaktyczn\u0105 zupe\u0142nie nowe wyzwania.<\/p>\n\n\n\n<div data-wp-interactive=\"core\/file\" class=\"wp-block-file\"><object data-wp-bind--hidden=\"!state.hasPdfPreview\" hidden class=\"wp-block-file__embed\" data=\"https:\/\/dim.uek.krakow.pl\/hub3\/wp-content\/uploads\/sites\/67\/2026\/07\/Dobre-praktyki-w-pracy-z-grupami-wielokulturowymi.pdf\" type=\"application\/pdf\" style=\"width:100%;height:750px\" aria-label=\"Osadzone z Dobre praktyki w pracy z grupami wielokulturowymi.\"><\/object><a id=\"wp-block-file--media-902ed997-cfee-4567-baa7-6c287b72a7ba\" href=\"https:\/\/dim.uek.krakow.pl\/hub3\/wp-content\/uploads\/sites\/67\/2026\/07\/Dobre-praktyki-w-pracy-z-grupami-wielokulturowymi.pdf\">Dobre praktyki w pracy z grupami wielokulturowymi<\/a><a href=\"https:\/\/dim.uek.krakow.pl\/hub3\/wp-content\/uploads\/sites\/67\/2026\/07\/Dobre-praktyki-w-pracy-z-grupami-wielokulturowymi.pdf\" class=\"wp-block-file__button wp-element-button\" download aria-describedby=\"wp-block-file--media-902ed997-cfee-4567-baa7-6c287b72a7ba\">Pobierz<\/a><\/div>\n\n\n\n<p class=\"wp-block-paragraph\"><em>Przewodnik zosta\u0142 opracowany w ramach projektu pt. \u201eUEK dla przysz\u0142o\u015bci &#8211; innowacyjno\u015b\u0107 i jako\u015b\u0107 nauczania\u201d (nr projektu FERS.01.05-IP.08-0287\/25) w ramach programu Fundusze Europejskie dla Rozwoju Spo\u0142ecznego 2021-2027 wsp\u00f3\u0142finansowanego ze \u015brodk\u00f3w Europejskiego Funduszu Spo\u0142ecznego Plus.<\/em><\/p>\n","protected":false},"excerpt":{"rendered":"<p>W dobie globalizacji i internacjonalizacji szkolnictwa wy\u017cszego, sale wyk\u0142adowe Uniwersytetu Ekonomicznego w Krakowie staj\u0105 si\u0119 przestrzeni\u0105 spotkanie wielu kultur. W ramach kierunk\u00f3w studi\u00f3w oraz pojedynczych przedmiot\u00f3w prowadzonych w j\u0119zyku angielskim kszta\u0142c\u0105 si\u0119 osoby o zr\u00f3\u017cnicowanym pochodzeniu geograficznym, etnicznym i spo\u0142ecznym. Obok student\u00f3w realizuj\u0105cych na UEK pe\u0142ny cykl kszta\u0142cenia, w zaj\u0119ciach bior\u0105 udzia\u0142 uczestnicy mi\u0119dzynarodowych program\u00f3w [&hellip;]<\/p>\n","protected":false},"author":67,"featured_media":564,"comment_status":"closed","ping_status":"closed","sticky":false,"template":"","format":"standard","meta":{"_acf_changed":false,"footnotes":""},"categories":[1],"tags":[],"class_list":["post-551","post","type-post","status-publish","format-standard","has-post-thumbnail","hentry","category-aktualnosci"],"acf":[],"_links":{"self":[{"href":"https:\/\/dim.uek.krakow.pl\/hub3\/wp-json\/wp\/v2\/posts\/551","targetHints":{"allow":["GET"]}}],"collection":[{"href":"https:\/\/dim.uek.krakow.pl\/hub3\/wp-json\/wp\/v2\/posts"}],"about":[{"href":"https:\/\/dim.uek.krakow.pl\/hub3\/wp-json\/wp\/v2\/types\/post"}],"author":[{"embeddable":true,"href":"https:\/\/dim.uek.krakow.pl\/hub3\/wp-json\/wp\/v2\/users\/67"}],"replies":[{"embeddable":true,"href":"https:\/\/dim.uek.krakow.pl\/hub3\/wp-json\/wp\/v2\/comments?post=551"}],"version-history":[{"count":8,"href":"https:\/\/dim.uek.krakow.pl\/hub3\/wp-json\/wp\/v2\/posts\/551\/revisions"}],"predecessor-version":[{"id":565,"href":"https:\/\/dim.uek.krakow.pl\/hub3\/wp-json\/wp\/v2\/posts\/551\/revisions\/565"}],"wp:featuredmedia":[{"embeddable":true,"href":"https:\/\/dim.uek.krakow.pl\/hub3\/wp-json\/wp\/v2\/media\/564"}],"wp:attachment":[{"href":"https:\/\/dim.uek.krakow.pl\/hub3\/wp-json\/wp\/v2\/media?parent=551"}],"wp:term":[{"taxonomy":"category","embeddable":true,"href":"https:\/\/dim.uek.krakow.pl\/hub3\/wp-json\/wp\/v2\/categories?post=551"},{"taxonomy":"post_tag","embeddable":true,"href":"https:\/\/dim.uek.krakow.pl\/hub3\/wp-json\/wp\/v2\/tags?post=551"}],"curies":[{"name":"wp","href":"https:\/\/api.w.org\/{rel}","templated":true}]}}