{"id":540,"date":"2026-07-09T15:51:36","date_gmt":"2026-07-09T13:51:36","guid":{"rendered":"https:\/\/dim.uek.krakow.pl\/hub3\/?p=540"},"modified":"2026-07-09T15:59:42","modified_gmt":"2026-07-09T13:59:42","slug":"cztery-etapy-rozwoju-jedna-wspolna-droga-do-nowoczesnej-dydaktyki","status":"publish","type":"post","link":"https:\/\/dim.uek.krakow.pl\/hub3\/2026\/07\/09\/cztery-etapy-rozwoju-jedna-wspolna-droga-do-nowoczesnej-dydaktyki\/","title":{"rendered":"Cztery etapy rozwoju. Jedna wsp\u00f3lna droga do nowoczesnej dydaktyki."},"content":{"rendered":"\t\t<div data-elementor-type=\"wp-post\" data-elementor-id=\"540\" class=\"elementor elementor-540\" data-elementor-post-type=\"post\">\n\t\t\t\t<div class=\"elementor-element elementor-element-211d67ff e-flex e-con-boxed e-con e-parent\" data-id=\"211d67ff\" data-element_type=\"container\" data-e-type=\"container\">\n\t\t\t\t\t<div class=\"e-con-inner\">\n\t\t\t\t<div class=\"elementor-element elementor-element-6a8df750 elementor-widget elementor-widget-text-editor\" data-id=\"6a8df750\" data-element_type=\"widget\" data-e-type=\"widget\" data-widget_type=\"text-editor.default\">\n\t\t\t\t\t\t\t\t\t<p class=\"isSelectedEnd\">Przez najbli\u017csze miesi\u0105ce uczestnicy projektu b\u0119d\u0105 rozwija\u0107 swoje umiej\u0119tno\u015bci w czterech wzajemnie uzupe\u0142niaj\u0105cych si\u0119 etapach.<\/p><p class=\"isSelectedEnd\">\ud83d\udd39 <strong>Etap 1 \u2013 Fundamenty<\/strong><br \/>Rozpoczniemy od nowoczesnych kurs\u00f3w e-learningowych, kt\u00f3re pozwol\u0105 zdoby\u0107 wiedz\u0119 z zakresu kompetencji cyfrowych, innowacyjnej dydaktyki, projektowania uniwersalnego oraz zielonej transformacji. To solidna baza do dalszego rozwoju.<\/p><p class=\"isSelectedEnd\">\ud83d\udd39 <strong>Etap 2 \u2013 \u015acie\u017cki rozwoju dydaktycznego (UEK HUB 3.0)<\/strong><br \/>Kolejnym krokiem b\u0119d\u0105 praktyczne warsztaty i specjalistyczne \u015bcie\u017cki rozwoju. Uczestnicy poznaj\u0105 nowoczesne metody nauczania, mo\u017cliwo\u015bci wykorzystania sztucznej inteligencji, narz\u0119dzia cyfrowe oraz techniki tworzenia anga\u017cuj\u0105cych materia\u0142\u00f3w dydaktycznych.<\/p><p class=\"isSelectedEnd\">\ud83d\udd39 <strong>Etap 3 \u2013 Interdydaktyka UEK<\/strong><br \/>Nowoczesna dydaktyka nie zna granic. Ten etap przygotuje uczestnik\u00f3w do prowadzenia zaj\u0119\u0107 w \u015brodowisku mi\u0119dzynarodowym, rozwijania kompetencji j\u0119zykowych oraz projektowania zaj\u0119\u0107 i materia\u0142\u00f3w dydaktycznych dla student\u00f3w z r\u00f3\u017cnych kraj\u00f3w.<\/p><p class=\"isSelectedEnd\">\ud83d\udd39 <strong>Etap 4 \u2013 System jako\u015bci na przysz\u0142o\u015b\u0107<\/strong><br \/>Projekt zako\u0144czy si\u0119 wdro\u017ceniem rozwi\u0105za\u0144, kt\u00f3re b\u0119d\u0105 wspiera\u0107 rozw\u00f3j jako\u015bci kszta\u0142cenia r\u00f3wnie\u017c po jego zako\u0144czeniu. Dzi\u0119ki temu efekty projektu pozostan\u0105 z nami na lata.<\/p><p class=\"isSelectedEnd\">To nie s\u0105 cztery niezale\u017cne dzia\u0142ania. To jedna sp\u00f3jna droga, kt\u00f3ra prowadzi do wsp\u00f3lnego celu \u2013 jeszcze lepszej, nowoczesnej i otwartej na \u015bwiat dydaktyki na Uniwersytecie Ekonomicznym w Krakowie.<br \/><br \/><\/p><p><strong>Ju\u017c wkr\u00f3tce przedstawimy szczeg\u00f3\u0142y pierwszych szkole\u0144 oraz harmonogram rekrutacji.<\/strong> Zach\u0119camy do \u015bledzenia <strong>Dziennika projektu<\/strong>!<\/p>\t\t\t\t\t\t\t\t<\/div>\n\t\t\t\t\t<\/div>\n\t\t\t\t<\/div>\n\t\t\t\t<\/div>\n\t\t","protected":false},"excerpt":{"rendered":"<p>Ka\u017cda zmiana zaczyna si\u0119 od pierwszego kroku. W projekcie \u201eUEK dla przysz\u0142o\u015bci \u2013 innowacyjno\u015b\u0107 i jako\u015b\u0107 nauczania\u201d ten krok zosta\u0142 zaplanowany jako przemy\u015blana \u015bcie\u017cka rozwoju, kt\u00f3ra pozwoli uczestnikom stopniowo zdobywa\u0107 nowe kompetencje i wykorzystywa\u0107 je w codziennej pracy dydaktycznej.<\/p>\n","protected":false},"author":27,"featured_media":548,"comment_status":"closed","ping_status":"closed","sticky":false,"template":"","format":"standard","meta":{"_acf_changed":false,"footnotes":""},"categories":[1],"tags":[],"class_list":["post-540","post","type-post","status-publish","format-standard","has-post-thumbnail","hentry","category-aktualnosci"],"acf":[],"_links":{"self":[{"href":"https:\/\/dim.uek.krakow.pl\/hub3\/wp-json\/wp\/v2\/posts\/540","targetHints":{"allow":["GET"]}}],"collection":[{"href":"https:\/\/dim.uek.krakow.pl\/hub3\/wp-json\/wp\/v2\/posts"}],"about":[{"href":"https:\/\/dim.uek.krakow.pl\/hub3\/wp-json\/wp\/v2\/types\/post"}],"author":[{"embeddable":true,"href":"https:\/\/dim.uek.krakow.pl\/hub3\/wp-json\/wp\/v2\/users\/27"}],"replies":[{"embeddable":true,"href":"https:\/\/dim.uek.krakow.pl\/hub3\/wp-json\/wp\/v2\/comments?post=540"}],"version-history":[{"count":6,"href":"https:\/\/dim.uek.krakow.pl\/hub3\/wp-json\/wp\/v2\/posts\/540\/revisions"}],"predecessor-version":[{"id":549,"href":"https:\/\/dim.uek.krakow.pl\/hub3\/wp-json\/wp\/v2\/posts\/540\/revisions\/549"}],"wp:featuredmedia":[{"embeddable":true,"href":"https:\/\/dim.uek.krakow.pl\/hub3\/wp-json\/wp\/v2\/media\/548"}],"wp:attachment":[{"href":"https:\/\/dim.uek.krakow.pl\/hub3\/wp-json\/wp\/v2\/media?parent=540"}],"wp:term":[{"taxonomy":"category","embeddable":true,"href":"https:\/\/dim.uek.krakow.pl\/hub3\/wp-json\/wp\/v2\/categories?post=540"},{"taxonomy":"post_tag","embeddable":true,"href":"https:\/\/dim.uek.krakow.pl\/hub3\/wp-json\/wp\/v2\/tags?post=540"}],"curies":[{"name":"wp","href":"https:\/\/api.w.org\/{rel}","templated":true}]}}