{"id":1,"date":"2026-05-08T09:38:21","date_gmt":"2026-05-08T07:38:21","guid":{"rendered":"http:\/\/hub3.websites.uek.krakow.pl\/?p=1"},"modified":"2026-07-17T13:26:40","modified_gmt":"2026-07-17T11:26:40","slug":"rozpoczynamy-projekt-uek-dla-przyszlosci-innowacyjnosc-i-jakosc-nauczania","status":"publish","type":"post","link":"https:\/\/dim.uek.krakow.pl\/hub3\/2026\/05\/08\/rozpoczynamy-projekt-uek-dla-przyszlosci-innowacyjnosc-i-jakosc-nauczania\/","title":{"rendered":"Rozpoczynamy projekt \u201eUEK dla przysz\u0142o\u015bci \u2013 innowacyjno\u015b\u0107 i jako\u015b\u0107 nauczania\u201d"},"content":{"rendered":"\t\t<div data-elementor-type=\"wp-post\" data-elementor-id=\"1\" class=\"elementor elementor-1\" data-elementor-post-type=\"post\">\n\t\t\t\t<div class=\"elementor-element elementor-element-211d67ff e-flex e-con-boxed e-con e-parent\" data-id=\"211d67ff\" data-element_type=\"container\" data-e-type=\"container\">\n\t\t\t\t\t<div class=\"e-con-inner\">\n\t\t\t\t<div class=\"elementor-element elementor-element-6a8df750 elementor-widget elementor-widget-text-editor\" data-id=\"6a8df750\" data-element_type=\"widget\" data-e-type=\"widget\" data-widget_type=\"text-editor.default\">\n\t\t\t\t\t\t\t\t\t<p class=\"isSelectedEnd\">W\u0142a\u015bnie rozpoczynamy realizacj\u0119 projektu <strong>\u201eUEK dla przysz\u0142o\u015bci \u2013 innowacyjno\u015b\u0107 i jako\u015b\u0107 nauczania\u201d<\/strong>, kt\u00f3rego celem jest wsparcie kadry akademickiej i doktorant\u00f3w Uniwersytetu Ekonomicznego w Krakowie w rozwijaniu kompetencji odpowiadaj\u0105cych wyzwaniom wsp\u00f3\u0142czesnej edukacji.<\/p><p class=\"isSelectedEnd\">Przez najbli\u017csze trzy lata uczestnicy projektu b\u0119d\u0105 mogli rozwija\u0107 swoje umiej\u0119tno\u015bci w obszarze nowoczesnej dydaktyki, sztucznej inteligencji, technologii cyfrowych, projektowania uniwersalnego, zielonej transformacji oraz prowadzenia zaj\u0119\u0107 w mi\u0119dzynarodowym \u015brodowisku akademickim.<\/p><p class=\"isSelectedEnd\">Projekt zosta\u0142 zaplanowany jako sp\u00f3jna \u015bcie\u017cka rozwoju \u2013 od interaktywnych kurs\u00f3w e-learningowych, przez specjalistyczne \u015bcie\u017cki dydaktyczne w ramach <strong>UEK HUB 3.0<\/strong>, a\u017c po program <strong>Interdydaktyka UEK<\/strong>, przygotowuj\u0105cy do prowadzenia zaj\u0119\u0107 w j\u0119zyku angielskim. Ca\u0142o\u015b\u0107 uzupe\u0142ni\u0105 dzia\u0142ania wzmacniaj\u0105ce system jako\u015bci kszta\u0142cenia na Uniwersytecie Ekonomicznym w Krakowie.<\/p><p class=\"isSelectedEnd\">To jednak dopiero pocz\u0105tek. Ju\u017c wkr\u00f3tce przedstawimy szczeg\u00f3\u0142y programu, zaprezentujemy \u015bcie\u017cki rozwoju, ekspert\u00f3w oraz harmonogram pierwszych dzia\u0142a\u0144. Przed nami wiele inspiruj\u0105cych spotka\u0144, praktycznych warsztat\u00f3w i nowoczesnych rozwi\u0105za\u0144, kt\u00f3re wsp\u00f3lnie b\u0119d\u0105 kszta\u0142towa\u0107 przysz\u0142o\u015b\u0107 dydaktyki na UEK.<\/p><p><strong>Zapraszamy do \u015bledzenia strony projektu \u2013 najlepsze dopiero przed nami!<\/strong><\/p>\t\t\t\t\t\t\t\t<\/div>\n\t\t\t\t\t<\/div>\n\t\t\t\t<\/div>\n\t\t\t\t<\/div>\n\t\t","protected":false},"excerpt":{"rendered":"<p>Nowoczesna dydaktyka nie powstaje przypadkiem \u2013 tworz\u0105 j\u0105 ludzie, kt\u00f3rzy nie boj\u0105 si\u0119 rozwija\u0107, eksperymentowa\u0107 i inspirowa\u0107 innych.<\/p>\n","protected":false},"author":1,"featured_media":534,"comment_status":"closed","ping_status":"closed","sticky":false,"template":"","format":"standard","meta":{"_acf_changed":false,"footnotes":""},"categories":[1],"tags":[],"class_list":["post-1","post","type-post","status-publish","format-standard","has-post-thumbnail","hentry","category-aktualnosci"],"acf":[],"_links":{"self":[{"href":"https:\/\/dim.uek.krakow.pl\/hub3\/wp-json\/wp\/v2\/posts\/1","targetHints":{"allow":["GET"]}}],"collection":[{"href":"https:\/\/dim.uek.krakow.pl\/hub3\/wp-json\/wp\/v2\/posts"}],"about":[{"href":"https:\/\/dim.uek.krakow.pl\/hub3\/wp-json\/wp\/v2\/types\/post"}],"author":[{"embeddable":true,"href":"https:\/\/dim.uek.krakow.pl\/hub3\/wp-json\/wp\/v2\/users\/1"}],"replies":[{"embeddable":true,"href":"https:\/\/dim.uek.krakow.pl\/hub3\/wp-json\/wp\/v2\/comments?post=1"}],"version-history":[{"count":8,"href":"https:\/\/dim.uek.krakow.pl\/hub3\/wp-json\/wp\/v2\/posts\/1\/revisions"}],"predecessor-version":[{"id":662,"href":"https:\/\/dim.uek.krakow.pl\/hub3\/wp-json\/wp\/v2\/posts\/1\/revisions\/662"}],"wp:featuredmedia":[{"embeddable":true,"href":"https:\/\/dim.uek.krakow.pl\/hub3\/wp-json\/wp\/v2\/media\/534"}],"wp:attachment":[{"href":"https:\/\/dim.uek.krakow.pl\/hub3\/wp-json\/wp\/v2\/media?parent=1"}],"wp:term":[{"taxonomy":"category","embeddable":true,"href":"https:\/\/dim.uek.krakow.pl\/hub3\/wp-json\/wp\/v2\/categories?post=1"},{"taxonomy":"post_tag","embeddable":true,"href":"https:\/\/dim.uek.krakow.pl\/hub3\/wp-json\/wp\/v2\/tags?post=1"}],"curies":[{"name":"wp","href":"https:\/\/api.w.org\/{rel}","templated":true}]}}